{"id":722,"date":"2018-04-28T20:51:19","date_gmt":"2018-04-28T18:51:19","guid":{"rendered":"http:\/\/norrkopingshus31.se\/wordpress\/?p=722"},"modified":"2018-04-28T20:51:19","modified_gmt":"2018-04-28T18:51:19","slug":"anteckningar-fran-medlemsmotet-11-april-2018","status":"publish","type":"post","link":"http:\/\/norrkopingshus31.se\/wordpress\/anteckningar-fran-medlemsmotet-11-april-2018\/","title":{"rendered":"Anteckningar fr\u00e5n medlemsm\u00f6tet 11 april 2018"},"content":{"rendered":"<p><strong>Lokalen<\/strong><\/p>\n<p>Ordningsreglerna fungerar bra och lokalen utnyttjas flitigt.<br \/>\nT\u00e4nk p\u00e5 att ringa lokalansvarig f\u00f6rst och sedan skriver ni upp er. Respektera regeln att det ska vara tyst kl.23.00<br \/>\nDock var det problem med detta p\u00e5 ny\u00e5rsafton s\u00e5 p.g.a det hyrs inte lokalen ut l\u00e4ngre p\u00e5 ny\u00e5rsafton.<\/p>\n<p>Lokalen finns med i\u00a0 underh\u00e5llningsplanen och kommer renoveras troligtvis under 2018-2019<\/p>\n<p>Nuvarande lokalansvarig kommer att sluta till \u00e5rsm\u00f6tet s\u00e5 om det finns n\u00e5gon intresserad som vill ta \u00f6ver s\u00e5 h\u00f6r av er till n\u00e5gon i styrelsen.<\/p>\n<p><strong>Budget<\/strong><\/p>\n<p>Ekonomin ser v\u00e4ldigt bra ut<\/p>\n<p>Vi har r\u00e4ntes\u00e4krat v\u00e5rt stora l\u00e5n 14 700 kkrp\u00e5 6\u00e5r med r\u00e4nta 1,98 % vilket blir en besparing p\u00e5 c.a 380 kkr<br \/>\nVi t\u00e4nker ocks\u00e5 ta in offerter p\u00e5 att r\u00e4ntes\u00e4kra v\u00e5rt l\u00e5n p\u00e5 8000 kkr som l\u00f6per ut december 2018<\/p>\n<p>Eftersom ekonomin \u00e4r bra s\u00e5 beh\u00f6vs inte avgiftsh\u00f6jning<\/p>\n<p><strong>Vad har vi gjort:<\/strong><\/p>\n<p>Stamspolning i hela f\u00f6reningen,en del upplever fortfarande problem,vi h\u00e5ller koll p\u00e5 detta.<br \/>\nTips f\u00f6r att underh\u00e5lla avloppen \u00e4r att spola i diskhon i k\u00f6ket med hett vatten + lite diskmedel i ett par g\u00e5nger om \u00e5ret.<\/p>\n<p>N\u00e4r det g\u00e4ller avloppen i handfaten rekommenderas att rensa vattenl\u00e5sen regelbundet, ibland kan det vara n\u00f6dv\u00e4ndigt att ta loss hela r\u00f6ret och bl\u00e5sa ur det.<\/p>\n<p>Injustering av v\u00e4rmen, d\u00e5ligt hos Susanne i punkthuset fortfarande.<\/p>\n<p>Nytt 7-\u00e5rsavtal med Telia,uppgradering av h\u00e5rdvaror.<\/p>\n<p>Vid alla kontroller som g\u00f6rs s\u00e5 kr\u00e4vs en skriftlig fullmakt f\u00f6r att Rb ska kunna tilltr\u00e4da l\u00e4genheten n\u00e4r man inte \u00e4r hemma.<\/p>\n<p>Statuskontroll i hela f\u00f6reningen,de som f\u00e5tt A-fel m\u00e5ste \u00e5tg\u00e4rda dem inom viss tid sedan g\u00f6rs en efterkontroll.<\/p>\n<p>Markfuktsm\u00e4tning i alla bottenl\u00e4genheter har gjorts och 2 l\u00e4genheter hade f\u00f6rh\u00f6jda v\u00e4rden.<\/p>\n<p>Vi vill ber\u00f6mma v\u00e5r valberedning f\u00f6r deras arbete hittills, om n\u00e5gon \u00e4r intresserad av styrelsearbete s\u00e5 h\u00f6r av er till Maria och Emelie.<\/p>\n<p><strong>Vad ska vi g\u00f6ra:<\/strong><\/p>\n<p>OVK besiktning samt rensning fr\u00e5nluftssystem maj 2018<\/p>\n<p>Delar av styrelsen ska p\u00e5 samarbetstr\u00e4ff med andra f\u00f6reningar i omr\u00e5det 25 april<\/p>\n<p>Anl\u00e4gga en aktivitetspark p\u00e5 gr\u00e4sytan bakom A-g\u00e5rden. Efter diskussion med flera boenden som \u00e4r oroliga att det skulle bli f\u00f6r mycket liv och locka till sig ungdomar p\u00e5 kv\u00e4llarna s\u00e5 har vi gjort \u00e5terremiss p\u00e5 offerten.<br \/>\nVi kanske kan satsa lite p\u00e5 v\u00e5ra innerg\u00e5rdar ist\u00e4llet, \u00e5terkommer om detta.<\/p>\n<p>Vi har slutit avtal med KONE hiss, Sand\u00e5 m\u00e5leri och Elvins Pl\u00e5t f\u00f6r byte av hiss, stupr\u00f6r och h\u00e4ngr\u00e4nnor. Projektledare Jan Rambow \u00e4r anst\u00e4lld f\u00f6r att h\u00e5lla i allt.<\/p>\n<p><strong>Garage:<\/strong><\/p>\n<p>1 bil,1 upps\u00e4ttning d\u00e4ck och 5 l spolarv\u00e4tska f\u00e5r f\u00f6rvaras i garaget.<\/p>\n<p><strong>\u00d6vrigt:<\/strong><\/p>\n<p>T\u00e4nk p\u00e5 att inte k\u00f6ra i on\u00f6dan inne p\u00e5 g\u00e5rdarna och om ni m\u00e5ste g\u00f6ra det s\u00e5 k\u00f6r sakta, t\u00e4nk p\u00e5 barnen.Parkera inte p\u00e5 g\u00e5rdarna n\u00e5gon l\u00e4ngre stund ambulans m.m m\u00e5ste kunna ta sig fram.<\/p>\n<p>\u00c5tervinningen i v\u00e5ra soprum m\u00e5ste bli b\u00e4ttre, s\u00e5dant man inte f\u00e5r kasta hos oss m\u00e5ste ni sj\u00e4lva l\u00e4mna p\u00e5 returpunkten.<\/p>\n<p>Efter 1 ny radonm\u00e4tning gjorts i en l\u00e4genhet s\u00e5 kommer alla f\u00e5 protokoll p\u00e5 m\u00e4tningen.<\/p>\n<p>N\u00e5gon undrar \u00f6ver ventilationsbyte i Punkthuset, det ligger i underh\u00e5llningsplanen.<\/p>\n<p>Susanne i Punkthuset har trasiga hakar som man s\u00e4tter i hop f\u00f6nstren med, Lars kollar upp detta.<\/p>\n<p>Det \u00e4r m\u00e5nga som inte plockar in leksakerna p\u00e5 g\u00e5rdarna, vi beh\u00f6ver bli b\u00e4ttre p\u00e5 detta.<br \/>\nInte sl\u00e4nga fimpar p\u00e5\u00a0 g\u00e5rdarna eller runt omkring.<\/p>\n<p>N\u00e5gon har t\u00f6mt olja i milj\u00f6rummets avlopp! Vilket uppt\u00e4cktes p\u00e5 st\u00e4ddagen.<br \/>\nSorgligt att vi inte k\u00e4nner mer ansvar i v\u00e5r f\u00f6rening. Hoppas detta inte upprepas.<\/p>\n<p><strong>Mvh Styrelsen<\/strong><\/p>\n","protected":false},"excerpt":{"rendered":"<p>Lokalen Ordningsreglerna fungerar bra och lokalen utnyttjas flitigt. T\u00e4nk p\u00e5 att ringa lokalansvarig f\u00f6rst och sedan skriver ni upp er. Respektera regeln att det ska vara tyst kl.23.00 Dock var det problem med detta p\u00e5 ny\u00e5rsafton s\u00e5 p.g.a det hyrs &hellip; <a href=\"http:\/\/norrkopingshus31.se\/wordpress\/anteckningar-fran-medlemsmotet-11-april-2018\/\">L\u00e4s mer <span class=\"meta-nav\">&rarr;<\/span><\/a><\/p>\n","protected":false},"author":8,"featured_media":0,"comment_status":"closed","ping_status":"closed","sticky":false,"template":"","format":"standard","meta":{"footnotes":""},"categories":[1],"tags":[],"class_list":["post-722","post","type-post","status-publish","format-standard","hentry","category-okategoriserade"],"_links":{"self":[{"href":"http:\/\/norrkopingshus31.se\/wordpress\/wp-json\/wp\/v2\/posts\/722","targetHints":{"allow":["GET"]}}],"collection":[{"href":"http:\/\/norrkopingshus31.se\/wordpress\/wp-json\/wp\/v2\/posts"}],"about":[{"href":"http:\/\/norrkopingshus31.se\/wordpress\/wp-json\/wp\/v2\/types\/post"}],"author":[{"embeddable":true,"href":"http:\/\/norrkopingshus31.se\/wordpress\/wp-json\/wp\/v2\/users\/8"}],"replies":[{"embeddable":true,"href":"http:\/\/norrkopingshus31.se\/wordpress\/wp-json\/wp\/v2\/comments?post=722"}],"version-history":[{"count":1,"href":"http:\/\/norrkopingshus31.se\/wordpress\/wp-json\/wp\/v2\/posts\/722\/revisions"}],"predecessor-version":[{"id":723,"href":"http:\/\/norrkopingshus31.se\/wordpress\/wp-json\/wp\/v2\/posts\/722\/revisions\/723"}],"wp:attachment":[{"href":"http:\/\/norrkopingshus31.se\/wordpress\/wp-json\/wp\/v2\/media?parent=722"}],"wp:term":[{"taxonomy":"category","embeddable":true,"href":"http:\/\/norrkopingshus31.se\/wordpress\/wp-json\/wp\/v2\/categories?post=722"},{"taxonomy":"post_tag","embeddable":true,"href":"http:\/\/norrkopingshus31.se\/wordpress\/wp-json\/wp\/v2\/tags?post=722"}],"curies":[{"name":"wp","href":"https:\/\/api.w.org\/{rel}","templated":true}]}}